{"id":18796,"date":"2024-07-29T08:00:29","date_gmt":"2024-07-29T08:00:29","guid":{"rendered":"https:\/\/interior360.io\/?p=18796"},"modified":"2024-10-29T11:39:46","modified_gmt":"2024-10-29T11:39:46","slug":"visit-us-at-salone-del-mobile-2024","status":"publish","type":"post","link":"https:\/\/interior360.io\/hr\/visit-us-at-salone-del-mobile-2024\/","title":{"rendered":"Posjetite nas na sajmu Salone del Mobile 2024"},"content":{"rendered":"\t\t<div data-elementor-type=\"wp-post\" data-elementor-id=\"18796\" class=\"elementor elementor-18796 elementor-17505\">\n\t\t\t\t<div class=\"elementor-element elementor-element-567c922 e-flex e-con-boxed e-con e-parent\" data-id=\"567c922\" data-element_type=\"container\" data-settings=\"{&quot;background_background&quot;:&quot;classic&quot;,&quot;wcf_enable_cursor_hover_effect_text&quot;:&quot;View&quot;,&quot;wcf-animation&quot;:&quot;none&quot;,&quot;wcf_pin_breakpoint&quot;:&quot;mobile&quot;}\">\n\t\t\t\t\t<div class=\"e-con-inner\">\n\t\t<div class=\"elementor-element elementor-element-8a8f032 e-flex e-con-boxed e-con e-child\" data-id=\"8a8f032\" data-element_type=\"container\" data-settings=\"{&quot;wcf_enable_cursor_hover_effect_text&quot;:&quot;View&quot;,&quot;wcf-animation&quot;:&quot;none&quot;,&quot;wcf_pin_breakpoint&quot;:&quot;mobile&quot;}\">\n\t\t\t\t\t<div class=\"e-con-inner\">\n\t\t\t\t<div class=\"elementor-element elementor-element-8a1af09 elementor-widget-laptop__width-initial elementor-widget-mobile__width-initial elementor-widget__width-initial elementor-widget-tablet__width-initial wcf-t-animation-none elementor-widget elementor-widget-wcf--title\" data-id=\"8a1af09\" data-element_type=\"widget\" data-settings=\"{&quot;wcf-animation&quot;:&quot;fade&quot;,&quot;fade-from&quot;:&quot;bottom&quot;,&quot;wcf_text_animation&quot;:&quot;none&quot;,&quot;delay&quot;:0.15,&quot;on-scroll&quot;:1,&quot;data-duration&quot;:1.5,&quot;ease&quot;:&quot;power2.out&quot;,&quot;fade-offset&quot;:50}\" data-widget_type=\"wcf--title.default\">\n\t\t\t\t<div class=\"elementor-widget-container\">\n\t\t\t<h2 class=\"wcf--title\">Posjetite nas na Salone del Mobile 2024<\/h2>\t\t<\/div>\n\t\t\t\t<\/div>\n\t\t\t\t\t<\/div>\n\t\t\t\t<\/div>\n\t\t<div class=\"elementor-element elementor-element-ad6f5a7 e-flex e-con-boxed e-con e-child\" data-id=\"ad6f5a7\" data-element_type=\"container\" data-settings=\"{&quot;wcf_enable_cursor_hover_effect_text&quot;:&quot;View&quot;,&quot;wcf-animation&quot;:&quot;none&quot;,&quot;wcf_pin_breakpoint&quot;:&quot;mobile&quot;}\">\n\t\t\t\t\t<div class=\"e-con-inner\">\n\t\t\t\t<div class=\"elementor-element elementor-element-d58d9e2 elementor-widget elementor-widget-image\" data-id=\"d58d9e2\" data-element_type=\"widget\" data-settings=\"{&quot;wcf-image-animation&quot;:&quot;none&quot;,&quot;wcf-animation&quot;:&quot;none&quot;}\" data-widget_type=\"image.default\">\n\t\t\t\t<div class=\"elementor-widget-container\">\n\t\t\t\t\t\t\t\t\t\t\t\t\t<img fetchpriority=\"high\" decoding=\"async\" width=\"1170\" height=\"500\" src=\"https:\/\/interior360.io\/wp-content\/uploads\/2024\/07\/cover_2-1170x500-1.webp\" class=\"attachment-full size-full wp-image-17506\" alt=\"\" srcset=\"https:\/\/interior360.io\/wp-content\/uploads\/2024\/07\/cover_2-1170x500-1.webp 1170w, https:\/\/interior360.io\/wp-content\/uploads\/2024\/07\/cover_2-1170x500-1-300x128.webp 300w, https:\/\/interior360.io\/wp-content\/uploads\/2024\/07\/cover_2-1170x500-1-1024x438.webp 1024w, https:\/\/interior360.io\/wp-content\/uploads\/2024\/07\/cover_2-1170x500-1-768x328.webp 768w\" sizes=\"(max-width: 1170px) 100vw, 1170px\" \/>\t\t\t\t\t\t\t\t\t\t\t\t\t<\/div>\n\t\t\t\t<\/div>\n\t\t\t\t\t<\/div>\n\t\t\t\t<\/div>\n\t\t\t\t\t<\/div>\n\t\t\t\t<\/div>\n\t\t<div class=\"elementor-element elementor-element-641fbed e-flex e-con-boxed e-con e-parent\" data-id=\"641fbed\" data-element_type=\"container\" data-settings=\"{&quot;wcf_enable_cursor_hover_effect_text&quot;:&quot;View&quot;,&quot;wcf-animation&quot;:&quot;none&quot;,&quot;wcf_pin_breakpoint&quot;:&quot;mobile&quot;}\">\n\t\t\t\t\t<div class=\"e-con-inner\">\n\t\t<div class=\"elementor-element elementor-element-5fa27e7 e-flex e-con-boxed e-con e-child\" data-id=\"5fa27e7\" data-element_type=\"container\" data-settings=\"{&quot;wcf_enable_cursor_hover_effect_text&quot;:&quot;View&quot;,&quot;wcf-animation&quot;:&quot;none&quot;,&quot;wcf_pin_breakpoint&quot;:&quot;mobile&quot;}\">\n\t\t\t\t\t<div class=\"e-con-inner\">\n\t\t<div class=\"elementor-element elementor-element-bfcfdb8 e-flex e-con-boxed e-con e-child\" data-id=\"bfcfdb8\" data-element_type=\"container\" data-settings=\"{&quot;wcf_enable_cursor_hover_effect_text&quot;:&quot;View&quot;,&quot;wcf-animation&quot;:&quot;none&quot;,&quot;wcf_pin_breakpoint&quot;:&quot;mobile&quot;}\">\n\t\t\t\t\t<div class=\"e-con-inner\">\n\t\t\t\t<div class=\"elementor-element elementor-element-f2c7ce2 elementor-widget__width-initial wcf-t-animation-none elementor-widget elementor-widget-wcf--text\" data-id=\"f2c7ce2\" data-element_type=\"widget\" data-settings=\"{&quot;wcf_text_animation&quot;:&quot;none&quot;,&quot;wcf-animation&quot;:&quot;none&quot;}\" data-widget_type=\"wcf--text.default\">\n\t\t\t\t<div class=\"elementor-widget-container\">\n\t\t\t<div class=\"wcf--text\">Sa zadovoljstvom vas obavje\u0161tavamo da \u0107emo sudjelovati na doga\u0111aju Salone del Mobile 2024 u Milanu, priznatom sredi\u0161tu izvrsnosti u industriji namje\u0161taja i dizajna. Ovaj sajam je poznat po svojoj izvanrednoj prezentaciji inovativnih modela, suvremenih trendova i vizionarskih koncepta, koji predstavljaju sr\u017e svjetske zajednice namje\u0161taja.<\/div>\t\t<\/div>\n\t\t\t\t<\/div>\n\t\t\t\t<div class=\"elementor-element elementor-element-4d67a93 elementor-widget__width-initial wcf-t-animation-none elementor-widget elementor-widget-wcf--text\" data-id=\"4d67a93\" data-element_type=\"widget\" data-settings=\"{&quot;wcf_text_animation&quot;:&quot;none&quot;,&quot;wcf-animation&quot;:&quot;none&quot;}\" data-widget_type=\"wcf--text.default\">\n\t\t\t\t<div class=\"elementor-widget-container\">\n\t\t\t<div class=\"wcf--text\"><p>Od 18. do 20. travnja 2024. bit \u0107emo prisutni na sajmu koji je poznat po svom \u017eivahnom ozra\u010dju kreativnosti i naprednog razmi\u0161ljanja.<\/p><\/div>\t\t<\/div>\n\t\t\t\t<\/div>\n\t\t\t\t<div class=\"elementor-element elementor-element-bb1fb26 elementor-widget elementor-widget-wcf--image\" data-id=\"bb1fb26\" data-element_type=\"widget\" data-settings=\"{&quot;wcf-image-animation&quot;:&quot;none&quot;,&quot;wcf-animation&quot;:&quot;none&quot;}\" data-widget_type=\"wcf--image.default\">\n\t\t\t\t<div class=\"elementor-widget-container\">\n\t\t\t\t\t<div class=\"wcf--image\">\r\n\t\t\t<img decoding=\"async\" width=\"850\" height=\"350\" src=\"https:\/\/interior360.io\/wp-content\/uploads\/2024\/07\/picture1.webp\" class=\"attachment-full size-full wp-image-17508\" alt=\"\" srcset=\"https:\/\/interior360.io\/wp-content\/uploads\/2024\/07\/picture1.webp 850w, https:\/\/interior360.io\/wp-content\/uploads\/2024\/07\/picture1-300x124.webp 300w, https:\/\/interior360.io\/wp-content\/uploads\/2024\/07\/picture1-768x316.webp 768w\" sizes=\"(max-width: 850px) 100vw, 850px\" \/>\t\t<\/div>\r\n\t\t\t\t<\/div>\n\t\t\t\t<\/div>\n\t\t\t\t<div class=\"elementor-element elementor-element-6807775 wcf-t-animation-none elementor-widget elementor-widget-wcf--title\" data-id=\"6807775\" data-element_type=\"widget\" data-settings=\"{&quot;wcf_text_animation&quot;:&quot;none&quot;,&quot;wcf-animation&quot;:&quot;none&quot;}\" data-widget_type=\"wcf--title.default\">\n\t\t\t\t<div class=\"elementor-widget-container\">\n\t\t\t<h3 class=\"wcf--title\">O nama<\/h3>\t\t<\/div>\n\t\t\t\t<\/div>\n\t\t\t\t<div class=\"elementor-element elementor-element-5df4f71 wcf-t-animation-none elementor-widget elementor-widget-wcf--text\" data-id=\"5df4f71\" data-element_type=\"widget\" data-settings=\"{&quot;wcf_text_animation&quot;:&quot;none&quot;,&quot;wcf-animation&quot;:&quot;none&quot;}\" data-widget_type=\"wcf--text.default\">\n\t\t\t\t<div class=\"elementor-widget-container\">\n\t\t\t<div class=\"wcf--text\">U DIGITAL SOLUTIONS premo\u0161\u0107ujemo jaz izme\u0111u digitalne tehnologije i kreativnog dizajna, specijalizirani smo za IT i usluge unutarnjeg ure\u0111enja. Na\u0161e stru\u010dno znanje i iskustvo u podru\u010dju 360\u00b0 vizualizacije omogu\u0107uju digitalni pregled va\u0161eg budu\u0107eg doma i pru\u017eaju detaljan uvid u njegov dizajn prije po\u010detka gradnje. Na\u0161e usluge su namijenjene raznovrsnim klijentima, od pojedinaca koji sanjaju o svom idealnom domu do investitora u nekretnine koji tra\u017ee u\u010dinkovite na\u010dine za predstavljanje svojih projekata u najboljem svjetlu.<\/div>\t\t<\/div>\n\t\t\t\t<\/div>\n\t\t\t\t<div class=\"elementor-element elementor-element-985566f elementor-widget elementor-widget-wcf--image\" data-id=\"985566f\" data-element_type=\"widget\" data-settings=\"{&quot;wcf-image-animation&quot;:&quot;none&quot;,&quot;wcf-animation&quot;:&quot;none&quot;}\" data-widget_type=\"wcf--image.default\">\n\t\t\t\t<div class=\"elementor-widget-container\">\n\t\t\t\t\t<div class=\"wcf--image\">\r\n\t\t\t<img decoding=\"async\" width=\"850\" height=\"351\" src=\"https:\/\/interior360.io\/wp-content\/uploads\/2024\/07\/picture2_2.webp\" class=\"attachment-full size-full wp-image-17510\" alt=\"\" srcset=\"https:\/\/interior360.io\/wp-content\/uploads\/2024\/07\/picture2_2.webp 850w, https:\/\/interior360.io\/wp-content\/uploads\/2024\/07\/picture2_2-300x124.webp 300w, https:\/\/interior360.io\/wp-content\/uploads\/2024\/07\/picture2_2-768x317.webp 768w\" sizes=\"(max-width: 850px) 100vw, 850px\" \/>\t\t<\/div>\r\n\t\t\t\t<\/div>\n\t\t\t\t<\/div>\n\t\t\t\t<div class=\"elementor-element elementor-element-1de88e5 wcf-t-animation-none elementor-widget elementor-widget-wcf--title\" data-id=\"1de88e5\" data-element_type=\"widget\" data-settings=\"{&quot;wcf_text_animation&quot;:&quot;none&quot;,&quot;wcf-animation&quot;:&quot;none&quot;}\" data-widget_type=\"wcf--title.default\">\n\t\t\t\t<div class=\"elementor-widget-container\">\n\t\t\t<h3 class=\"wcf--title\">Na\u0161i cilji za Salone del Mobile 2024 v Milanu<\/h3>\t\t<\/div>\n\t\t\t\t<\/div>\n\t\t\t\t<div class=\"elementor-element elementor-element-328596e wcf-t-animation-none elementor-widget elementor-widget-wcf--text\" data-id=\"328596e\" data-element_type=\"widget\" data-settings=\"{&quot;wcf_text_animation&quot;:&quot;none&quot;,&quot;wcf-animation&quot;:&quot;none&quot;}\" data-widget_type=\"wcf--text.default\">\n\t\t\t\t<div class=\"elementor-widget-container\">\n\t\t\t<div class=\"wcf--text\">V o\u010dekivanju posjeta sajmu Salone del Mobile, uzbu\u0111eni smo zbog mogu\u0107nosti i prilika koje nas o\u010dekuju. Na\u0161e sudjelovanje vodi nekoliko klju\u010dnih ciljeva koji odra\u017eavaju na\u0161u posve\u0107enost izvrsnosti, inovativnosti i suradnji na podru\u010dju unutarnjeg ure\u0111enja i 360\u00b0 vizualizacije.\n\nUzbu\u0111eni smo zbog prilike za susret s novim kolegama iz industrije, potencijalnim partnerima i klijentima na sajmu. Salone del Mobile je okupljali\u0161te kreativnosti i inovativnosti, gdje se radujemo razmjeni mi\u0161ljenja s iskusnim stru\u010dnjacima. Na\u0161 cilj je poticati otvorene rasprave, dijeliti uvide i postavljati temelje za budu\u0107u suradnju koja mo\u017ee dovesti do obostrano korisnih odnosa. Vjerujemo da zajedni\u010dkim radom mo\u017eemo bolje zadovoljiti na\u0161e klijente i donijeti im dodatnu vrijednost.\n\nU o\u010dekivanju Salone del Mobile 2024, puni smo optimizma. Ovaj sajam predstavlja vi\u0161e od samog doga\u0111aja; on je prilika za rast \u2013 za nas, na\u0161e klijente i cijelu dizajnersku industriju. Predstavlja mjesto za razvijanje novih ideja, uspostavljanje kontakata i partnerstava te otkrivanje novih trendova u dizajnu.<\/div>\t\t<\/div>\n\t\t\t\t<\/div>\n\t\t\t\t\t<\/div>\n\t\t\t\t<\/div>\n\t\t\t\t\t<\/div>\n\t\t\t\t<\/div>\n\t\t\t\t\t<\/div>\n\t\t\t\t<\/div>\n\t\t\t\t<\/div>\n\t\t","protected":false},"excerpt":{"rendered":"<p>Posjetite nas na Salone del Mobile 2024 Sa zadovoljstvom vas obavje\u0161tavamo da \u0107emo sudjelovati na doga\u0111aju Salone del Mobile 2024 u Milanu, priznatom sredi\u0161tu izvrsnosti u industriji namje\u0161taja i dizajna. Ovaj sajam je poznat po svojoj izvanrednoj prezentaciji inovativnih modela, suvremenih trendova i vizionarskih koncepta, koji predstavljaju sr\u017e svjetske zajednice namje\u0161taja. Od 18. do 20. [&hellip;]<\/p>\n","protected":false},"author":1,"featured_media":18800,"comment_status":"open","ping_status":"open","sticky":false,"template":"","format":"standard","meta":{"_acf_changed":false,"footnotes":""},"categories":[54],"tags":[],"class_list":["post-18796","post","type-post","status-publish","format-standard","has-post-thumbnail","hentry","category-uncategorized-hr"],"acf":[],"yoast_head":"<!-- This site is optimized with the Yoast SEO plugin v24.0 - https:\/\/yoast.com\/wordpress\/plugins\/seo\/ -->\n<title>Posjetite nas na sajmu Salone del Mobile 2024 - INTERIOR360<\/title>\n<meta name=\"robots\" content=\"index, follow, max-snippet:-1, max-image-preview:large, max-video-preview:-1\" \/>\n<link rel=\"canonical\" href=\"https:\/\/interior360.io\/hr\/visit-us-at-salone-del-mobile-2024\/\" \/>\n<meta property=\"og:locale\" content=\"hr_HR\" \/>\n<meta property=\"og:type\" content=\"article\" \/>\n<meta property=\"og:title\" content=\"Posjetite nas na sajmu Salone del Mobile 2024 - INTERIOR360\" \/>\n<meta property=\"og:description\" content=\"Posjetite nas na Salone del Mobile 2024 Sa zadovoljstvom vas obavje\u0161tavamo da \u0107emo sudjelovati na doga\u0111aju Salone del Mobile 2024 u Milanu, priznatom sredi\u0161tu izvrsnosti u industriji namje\u0161taja i dizajna. Ovaj sajam je poznat po svojoj izvanrednoj prezentaciji inovativnih modela, suvremenih trendova i vizionarskih koncepta, koji predstavljaju sr\u017e svjetske zajednice namje\u0161taja. Od 18. do 20. [&hellip;]\" \/>\n<meta property=\"og:url\" content=\"https:\/\/interior360.io\/hr\/visit-us-at-salone-del-mobile-2024\/\" \/>\n<meta property=\"og:site_name\" content=\"INTERIOR360\" \/>\n<meta property=\"article:publisher\" content=\"https:\/\/www.facebook.com\/interior360official\" \/>\n<meta property=\"article:published_time\" content=\"2024-07-29T08:00:29+00:00\" \/>\n<meta property=\"article:modified_time\" content=\"2024-10-29T11:39:46+00:00\" \/>\n<meta property=\"og:image\" content=\"https:\/\/interior360.io\/wp-content\/uploads\/2024\/07\/cover_2-542x540-1.webp\" \/>\n\t<meta property=\"og:image:width\" content=\"542\" \/>\n\t<meta property=\"og:image:height\" content=\"540\" \/>\n\t<meta property=\"og:image:type\" content=\"image\/webp\" \/>\n<meta name=\"author\" content=\"noreply_o69jkiod\" \/>\n<meta name=\"twitter:card\" content=\"summary_large_image\" \/>\n<meta name=\"twitter:label1\" content=\"Napisao\/la\" \/>\n\t<meta name=\"twitter:data1\" content=\"noreply_o69jkiod\" \/>\n\t<meta name=\"twitter:label2\" content=\"Procijenjeno vrijeme \u010ditanja\" \/>\n\t<meta name=\"twitter:data2\" content=\"3 minute\" \/>\n<script type=\"application\/ld+json\" class=\"yoast-schema-graph\">{\"@context\":\"https:\/\/schema.org\",\"@graph\":[{\"@type\":\"Article\",\"@id\":\"https:\/\/interior360.io\/hr\/visit-us-at-salone-del-mobile-2024\/#article\",\"isPartOf\":{\"@id\":\"https:\/\/interior360.io\/hr\/visit-us-at-salone-del-mobile-2024\/\"},\"author\":{\"name\":\"noreply_o69jkiod\",\"@id\":\"https:\/\/interior360.io\/hr\/#\/schema\/person\/549cc0908ba222b98e0b4dd1d5822b82\"},\"headline\":\"Posjetite nas na sajmu Salone del Mobile 2024\",\"datePublished\":\"2024-07-29T08:00:29+00:00\",\"dateModified\":\"2024-10-29T11:39:46+00:00\",\"mainEntityOfPage\":{\"@id\":\"https:\/\/interior360.io\/hr\/visit-us-at-salone-del-mobile-2024\/\"},\"wordCount\":352,\"commentCount\":0,\"publisher\":{\"@id\":\"https:\/\/interior360.io\/hr\/#organization\"},\"image\":{\"@id\":\"https:\/\/interior360.io\/hr\/visit-us-at-salone-del-mobile-2024\/#primaryimage\"},\"thumbnailUrl\":\"https:\/\/interior360.io\/wp-content\/uploads\/2024\/07\/cover_2-542x540-1.webp\",\"articleSection\":[\"Uncategorized @hr\"],\"inLanguage\":\"hr\",\"potentialAction\":[{\"@type\":\"CommentAction\",\"name\":\"Comment\",\"target\":[\"https:\/\/interior360.io\/hr\/visit-us-at-salone-del-mobile-2024\/#respond\"]}]},{\"@type\":\"WebPage\",\"@id\":\"https:\/\/interior360.io\/hr\/visit-us-at-salone-del-mobile-2024\/\",\"url\":\"https:\/\/interior360.io\/hr\/visit-us-at-salone-del-mobile-2024\/\",\"name\":\"Posjetite nas na sajmu Salone del Mobile 2024 - INTERIOR360\",\"isPartOf\":{\"@id\":\"https:\/\/interior360.io\/hr\/#website\"},\"primaryImageOfPage\":{\"@id\":\"https:\/\/interior360.io\/hr\/visit-us-at-salone-del-mobile-2024\/#primaryimage\"},\"image\":{\"@id\":\"https:\/\/interior360.io\/hr\/visit-us-at-salone-del-mobile-2024\/#primaryimage\"},\"thumbnailUrl\":\"https:\/\/interior360.io\/wp-content\/uploads\/2024\/07\/cover_2-542x540-1.webp\",\"datePublished\":\"2024-07-29T08:00:29+00:00\",\"dateModified\":\"2024-10-29T11:39:46+00:00\",\"breadcrumb\":{\"@id\":\"https:\/\/interior360.io\/hr\/visit-us-at-salone-del-mobile-2024\/#breadcrumb\"},\"inLanguage\":\"hr\",\"potentialAction\":[{\"@type\":\"ReadAction\",\"target\":[\"https:\/\/interior360.io\/hr\/visit-us-at-salone-del-mobile-2024\/\"]}]},{\"@type\":\"ImageObject\",\"inLanguage\":\"hr\",\"@id\":\"https:\/\/interior360.io\/hr\/visit-us-at-salone-del-mobile-2024\/#primaryimage\",\"url\":\"https:\/\/interior360.io\/wp-content\/uploads\/2024\/07\/cover_2-542x540-1.webp\",\"contentUrl\":\"https:\/\/interior360.io\/wp-content\/uploads\/2024\/07\/cover_2-542x540-1.webp\",\"width\":542,\"height\":540},{\"@type\":\"BreadcrumbList\",\"@id\":\"https:\/\/interior360.io\/hr\/visit-us-at-salone-del-mobile-2024\/#breadcrumb\",\"itemListElement\":[{\"@type\":\"ListItem\",\"position\":1,\"name\":\"Home\",\"item\":\"https:\/\/interior360.io\/hr\/\"},{\"@type\":\"ListItem\",\"position\":2,\"name\":\"Posjetite nas na sajmu Salone del Mobile 2024\"}]},{\"@type\":\"WebSite\",\"@id\":\"https:\/\/interior360.io\/hr\/#website\",\"url\":\"https:\/\/interior360.io\/hr\/\",\"name\":\"INTERIOR360\",\"description\":\"\",\"publisher\":{\"@id\":\"https:\/\/interior360.io\/hr\/#organization\"},\"potentialAction\":[{\"@type\":\"SearchAction\",\"target\":{\"@type\":\"EntryPoint\",\"urlTemplate\":\"https:\/\/interior360.io\/hr\/?s={search_term_string}\"},\"query-input\":{\"@type\":\"PropertyValueSpecification\",\"valueRequired\":true,\"valueName\":\"search_term_string\"}}],\"inLanguage\":\"hr\"},{\"@type\":\"Organization\",\"@id\":\"https:\/\/interior360.io\/hr\/#organization\",\"name\":\"INTERIOR360\",\"url\":\"https:\/\/interior360.io\/hr\/\",\"logo\":{\"@type\":\"ImageObject\",\"inLanguage\":\"hr\",\"@id\":\"https:\/\/interior360.io\/hr\/#\/schema\/logo\/image\/\",\"url\":\"https:\/\/interior360.io\/wp-content\/uploads\/2024\/11\/cropped-android-chrome-512x512-1.png\",\"contentUrl\":\"https:\/\/interior360.io\/wp-content\/uploads\/2024\/11\/cropped-android-chrome-512x512-1.png\",\"width\":512,\"height\":512,\"caption\":\"INTERIOR360\"},\"image\":{\"@id\":\"https:\/\/interior360.io\/hr\/#\/schema\/logo\/image\/\"},\"sameAs\":[\"https:\/\/www.facebook.com\/interior360official\",\"https:\/\/www.instagram.com\/interior360official\/\"]},{\"@type\":\"Person\",\"@id\":\"https:\/\/interior360.io\/hr\/#\/schema\/person\/549cc0908ba222b98e0b4dd1d5822b82\",\"name\":\"noreply_o69jkiod\",\"image\":{\"@type\":\"ImageObject\",\"inLanguage\":\"hr\",\"@id\":\"https:\/\/interior360.io\/hr\/#\/schema\/person\/image\/\",\"url\":\"https:\/\/secure.gravatar.com\/avatar\/f3f733bb5e43102b3e03f4fbdaef696f?s=96&d=mm&r=g\",\"contentUrl\":\"https:\/\/secure.gravatar.com\/avatar\/f3f733bb5e43102b3e03f4fbdaef696f?s=96&d=mm&r=g\",\"caption\":\"noreply_o69jkiod\"},\"sameAs\":[\"https:\/\/beta.interior360.io\"],\"url\":\"https:\/\/interior360.io\/hr\/author\/noreply_o69jkiod\/\"}]}<\/script>\n<!-- \/ Yoast SEO plugin. -->","yoast_head_json":{"title":"Posjetite nas na sajmu Salone del Mobile 2024 - INTERIOR360","robots":{"index":"index","follow":"follow","max-snippet":"max-snippet:-1","max-image-preview":"max-image-preview:large","max-video-preview":"max-video-preview:-1"},"canonical":"https:\/\/interior360.io\/hr\/visit-us-at-salone-del-mobile-2024\/","og_locale":"hr_HR","og_type":"article","og_title":"Posjetite nas na sajmu Salone del Mobile 2024 - INTERIOR360","og_description":"Posjetite nas na Salone del Mobile 2024 Sa zadovoljstvom vas obavje\u0161tavamo da \u0107emo sudjelovati na doga\u0111aju Salone del Mobile 2024 u Milanu, priznatom sredi\u0161tu izvrsnosti u industriji namje\u0161taja i dizajna. Ovaj sajam je poznat po svojoj izvanrednoj prezentaciji inovativnih modela, suvremenih trendova i vizionarskih koncepta, koji predstavljaju sr\u017e svjetske zajednice namje\u0161taja. Od 18. do 20. [&hellip;]","og_url":"https:\/\/interior360.io\/hr\/visit-us-at-salone-del-mobile-2024\/","og_site_name":"INTERIOR360","article_publisher":"https:\/\/www.facebook.com\/interior360official","article_published_time":"2024-07-29T08:00:29+00:00","article_modified_time":"2024-10-29T11:39:46+00:00","og_image":[{"width":542,"height":540,"url":"https:\/\/interior360.io\/wp-content\/uploads\/2024\/07\/cover_2-542x540-1.webp","type":"image\/webp"}],"author":"noreply_o69jkiod","twitter_card":"summary_large_image","twitter_misc":{"Napisao\/la":"noreply_o69jkiod","Procijenjeno vrijeme \u010ditanja":"3 minute"},"schema":{"@context":"https:\/\/schema.org","@graph":[{"@type":"Article","@id":"https:\/\/interior360.io\/hr\/visit-us-at-salone-del-mobile-2024\/#article","isPartOf":{"@id":"https:\/\/interior360.io\/hr\/visit-us-at-salone-del-mobile-2024\/"},"author":{"name":"noreply_o69jkiod","@id":"https:\/\/interior360.io\/hr\/#\/schema\/person\/549cc0908ba222b98e0b4dd1d5822b82"},"headline":"Posjetite nas na sajmu Salone del Mobile 2024","datePublished":"2024-07-29T08:00:29+00:00","dateModified":"2024-10-29T11:39:46+00:00","mainEntityOfPage":{"@id":"https:\/\/interior360.io\/hr\/visit-us-at-salone-del-mobile-2024\/"},"wordCount":352,"commentCount":0,"publisher":{"@id":"https:\/\/interior360.io\/hr\/#organization"},"image":{"@id":"https:\/\/interior360.io\/hr\/visit-us-at-salone-del-mobile-2024\/#primaryimage"},"thumbnailUrl":"https:\/\/interior360.io\/wp-content\/uploads\/2024\/07\/cover_2-542x540-1.webp","articleSection":["Uncategorized @hr"],"inLanguage":"hr","potentialAction":[{"@type":"CommentAction","name":"Comment","target":["https:\/\/interior360.io\/hr\/visit-us-at-salone-del-mobile-2024\/#respond"]}]},{"@type":"WebPage","@id":"https:\/\/interior360.io\/hr\/visit-us-at-salone-del-mobile-2024\/","url":"https:\/\/interior360.io\/hr\/visit-us-at-salone-del-mobile-2024\/","name":"Posjetite nas na sajmu Salone del Mobile 2024 - INTERIOR360","isPartOf":{"@id":"https:\/\/interior360.io\/hr\/#website"},"primaryImageOfPage":{"@id":"https:\/\/interior360.io\/hr\/visit-us-at-salone-del-mobile-2024\/#primaryimage"},"image":{"@id":"https:\/\/interior360.io\/hr\/visit-us-at-salone-del-mobile-2024\/#primaryimage"},"thumbnailUrl":"https:\/\/interior360.io\/wp-content\/uploads\/2024\/07\/cover_2-542x540-1.webp","datePublished":"2024-07-29T08:00:29+00:00","dateModified":"2024-10-29T11:39:46+00:00","breadcrumb":{"@id":"https:\/\/interior360.io\/hr\/visit-us-at-salone-del-mobile-2024\/#breadcrumb"},"inLanguage":"hr","potentialAction":[{"@type":"ReadAction","target":["https:\/\/interior360.io\/hr\/visit-us-at-salone-del-mobile-2024\/"]}]},{"@type":"ImageObject","inLanguage":"hr","@id":"https:\/\/interior360.io\/hr\/visit-us-at-salone-del-mobile-2024\/#primaryimage","url":"https:\/\/interior360.io\/wp-content\/uploads\/2024\/07\/cover_2-542x540-1.webp","contentUrl":"https:\/\/interior360.io\/wp-content\/uploads\/2024\/07\/cover_2-542x540-1.webp","width":542,"height":540},{"@type":"BreadcrumbList","@id":"https:\/\/interior360.io\/hr\/visit-us-at-salone-del-mobile-2024\/#breadcrumb","itemListElement":[{"@type":"ListItem","position":1,"name":"Home","item":"https:\/\/interior360.io\/hr\/"},{"@type":"ListItem","position":2,"name":"Posjetite nas na sajmu Salone del Mobile 2024"}]},{"@type":"WebSite","@id":"https:\/\/interior360.io\/hr\/#website","url":"https:\/\/interior360.io\/hr\/","name":"INTERIOR360","description":"","publisher":{"@id":"https:\/\/interior360.io\/hr\/#organization"},"potentialAction":[{"@type":"SearchAction","target":{"@type":"EntryPoint","urlTemplate":"https:\/\/interior360.io\/hr\/?s={search_term_string}"},"query-input":{"@type":"PropertyValueSpecification","valueRequired":true,"valueName":"search_term_string"}}],"inLanguage":"hr"},{"@type":"Organization","@id":"https:\/\/interior360.io\/hr\/#organization","name":"INTERIOR360","url":"https:\/\/interior360.io\/hr\/","logo":{"@type":"ImageObject","inLanguage":"hr","@id":"https:\/\/interior360.io\/hr\/#\/schema\/logo\/image\/","url":"https:\/\/interior360.io\/wp-content\/uploads\/2024\/11\/cropped-android-chrome-512x512-1.png","contentUrl":"https:\/\/interior360.io\/wp-content\/uploads\/2024\/11\/cropped-android-chrome-512x512-1.png","width":512,"height":512,"caption":"INTERIOR360"},"image":{"@id":"https:\/\/interior360.io\/hr\/#\/schema\/logo\/image\/"},"sameAs":["https:\/\/www.facebook.com\/interior360official","https:\/\/www.instagram.com\/interior360official\/"]},{"@type":"Person","@id":"https:\/\/interior360.io\/hr\/#\/schema\/person\/549cc0908ba222b98e0b4dd1d5822b82","name":"noreply_o69jkiod","image":{"@type":"ImageObject","inLanguage":"hr","@id":"https:\/\/interior360.io\/hr\/#\/schema\/person\/image\/","url":"https:\/\/secure.gravatar.com\/avatar\/f3f733bb5e43102b3e03f4fbdaef696f?s=96&d=mm&r=g","contentUrl":"https:\/\/secure.gravatar.com\/avatar\/f3f733bb5e43102b3e03f4fbdaef696f?s=96&d=mm&r=g","caption":"noreply_o69jkiod"},"sameAs":["https:\/\/beta.interior360.io"],"url":"https:\/\/interior360.io\/hr\/author\/noreply_o69jkiod\/"}]}},"_links":{"self":[{"href":"https:\/\/interior360.io\/hr\/wp-json\/wp\/v2\/posts\/18796","targetHints":{"allow":["GET"]}}],"collection":[{"href":"https:\/\/interior360.io\/hr\/wp-json\/wp\/v2\/posts"}],"about":[{"href":"https:\/\/interior360.io\/hr\/wp-json\/wp\/v2\/types\/post"}],"author":[{"embeddable":true,"href":"https:\/\/interior360.io\/hr\/wp-json\/wp\/v2\/users\/1"}],"replies":[{"embeddable":true,"href":"https:\/\/interior360.io\/hr\/wp-json\/wp\/v2\/comments?post=18796"}],"version-history":[{"count":9,"href":"https:\/\/interior360.io\/hr\/wp-json\/wp\/v2\/posts\/18796\/revisions"}],"predecessor-version":[{"id":18873,"href":"https:\/\/interior360.io\/hr\/wp-json\/wp\/v2\/posts\/18796\/revisions\/18873"}],"wp:featuredmedia":[{"embeddable":true,"href":"https:\/\/interior360.io\/hr\/wp-json\/wp\/v2\/media\/18800"}],"wp:attachment":[{"href":"https:\/\/interior360.io\/hr\/wp-json\/wp\/v2\/media?parent=18796"}],"wp:term":[{"taxonomy":"category","embeddable":true,"href":"https:\/\/interior360.io\/hr\/wp-json\/wp\/v2\/categories?post=18796"},{"taxonomy":"post_tag","embeddable":true,"href":"https:\/\/interior360.io\/hr\/wp-json\/wp\/v2\/tags?post=18796"}],"curies":[{"name":"wp","href":"https:\/\/api.w.org\/{rel}","templated":true}]}}